{"id":140,"date":"2023-01-09T12:19:44","date_gmt":"2023-01-09T12:19:44","guid":{"rendered":"https:\/\/www.amaonline.eus\/?p=140"},"modified":"2025-05-22T13:43:23","modified_gmt":"2025-05-22T13:43:23","slug":"de-casino-a-lazareto-ejercicios-para-remediar-el-museo","status":"publish","type":"post","link":"https:\/\/www.amaonline.eus\/es\/de-casino-a-lazareto-ejercicios-para-remediar-el-museo\/","title":{"rendered":"De casino a lazareto \u2013 Ejercicios para remediar el museo"},"content":{"rendered":"\n<figure class=\"wp-block-embed is-type-video is-provider-vimeo wp-block-embed-vimeo\"><div class=\"wp-block-embed__wrapper\">\n<iframe loading=\"lazy\" title=\"Clementine Deliss | Los futuros del museo\" src=\"https:\/\/player.vimeo.com\/video\/814596288?dnt=1&amp;app_id=122963\" width=\"640\" height=\"360\" frameborder=\"0\" allow=\"autoplay; fullscreen; picture-in-picture; clipboard-write; encrypted-media\"><\/iframe>\n<\/div><\/figure>\n\n\n\n<div class=\"wp-block-buttons is-layout-flex wp-block-buttons-is-layout-flex\">\n<div class=\"wp-block-button\"><a class=\"wp-block-button__link wp-element-button\" href=\"https:\/\/canicheeditorial.com\/products\/el-museo-metabolico\" target=\"_blank\" rel=\"noreferrer noopener\">Cl\u00e9mentine Deliss, El museo metab\u00f3lico<\/a><\/div>\n\n\n\n<div class=\"wp-block-button\"><a class=\"wp-block-button__link wp-element-button\" href=\"https:\/\/www.hatjecantz.com\/products\/54031-clmentine-deliss?srsltid=AfmBOooDfHPpfvxpaTjnvMpGExIwwXIMH1q0M2bv6CVPY5h9a1pFbYZ-\" target=\"_blank\" rel=\"noreferrer noopener\">Cl\u00e9mentine Deliss, The Metabolic Museum<\/a><\/div>\n<\/div>\n","protected":false},"excerpt":{"rendered":"<p>Tanto la complejidad legal como la contenci\u00f3n, la ambig\u00fcedad y la especulaci\u00f3n subyacen a la relaci\u00f3n entre colecciones del pasado y su potencial latente para la producci\u00f3n futura de conocimiento. Para las generaciones m\u00e1s j\u00f3venes, por ejemplo, no puede existir una historia del arte descolonial en profundidad sin tener acceso a las colecciones etnogr\u00e1ficas y la elaboraci\u00f3n de un lenguaje legal con el que se puedan redistribuir los derechos. En su charla, Cl\u00e9mentine Deliss hablar\u00e1 sobre las formas en las que se pueden dise\u00f1ar los museos a favor de modelos transversales, performativos, descoloniales y democr\u00e1ticos de la pr\u00e1ctica art\u00edstica, la investigaci\u00f3n y la educaci\u00f3n. Incluir\u00e1 casos de estudio como su trabajo en el Weltkulturen Museum de Fr\u00e1ncfort y posteriores desarrollos del Museo Metab\u00f3lico en Kiev, Karlsruhe, Ljubljana y, m\u00e1s recientemente, en el KW, Instituto de Arte Contempor\u00e1neo de Berl\u00edn.<br \/>\nConferencia en ingl\u00e9s.<\/p>\n","protected":false},"author":8,"featured_media":0,"comment_status":"open","ping_status":"open","sticky":false,"template":"","format":"standard","meta":{"_acf_changed":false,"footnotes":""},"categories":[22],"tags":[],"class_list":["post-140","post","type-post","status-publish","format-standard","hentry","category-sin-tiempo-que-perder"],"acf":[],"_links":{"self":[{"href":"https:\/\/www.amaonline.eus\/es\/wp-json\/wp\/v2\/posts\/140","targetHints":{"allow":["GET"]}}],"collection":[{"href":"https:\/\/www.amaonline.eus\/es\/wp-json\/wp\/v2\/posts"}],"about":[{"href":"https:\/\/www.amaonline.eus\/es\/wp-json\/wp\/v2\/types\/post"}],"author":[{"embeddable":true,"href":"https:\/\/www.amaonline.eus\/es\/wp-json\/wp\/v2\/users\/8"}],"replies":[{"embeddable":true,"href":"https:\/\/www.amaonline.eus\/es\/wp-json\/wp\/v2\/comments?post=140"}],"version-history":[{"count":6,"href":"https:\/\/www.amaonline.eus\/es\/wp-json\/wp\/v2\/posts\/140\/revisions"}],"predecessor-version":[{"id":1635,"href":"https:\/\/www.amaonline.eus\/es\/wp-json\/wp\/v2\/posts\/140\/revisions\/1635"}],"wp:attachment":[{"href":"https:\/\/www.amaonline.eus\/es\/wp-json\/wp\/v2\/media?parent=140"}],"wp:term":[{"taxonomy":"category","embeddable":true,"href":"https:\/\/www.amaonline.eus\/es\/wp-json\/wp\/v2\/categories?post=140"},{"taxonomy":"post_tag","embeddable":true,"href":"https:\/\/www.amaonline.eus\/es\/wp-json\/wp\/v2\/tags?post=140"}],"curies":[{"name":"wp","href":"https:\/\/api.w.org\/{rel}","templated":true}]}}