{"id":1276,"date":"2024-08-12T08:24:52","date_gmt":"2024-08-12T08:24:52","guid":{"rendered":"https:\/\/www.amaonline.eus\/?p=1276"},"modified":"2025-02-26T09:48:49","modified_gmt":"2025-02-26T09:48:49","slug":"messenger-2023","status":"publish","type":"post","link":"https:\/\/www.amaonline.eus\/es\/messenger-2023\/","title":{"rendered":"Messenger (2023)"},"content":{"rendered":"\n<figure class=\"wp-block-embed is-type-video is-provider-vimeo wp-block-embed-vimeo wp-embed-aspect-16-9 wp-has-aspect-ratio\"><div class=\"wp-block-embed__wrapper\">\n<iframe loading=\"lazy\" src=\"https:\/\/player.vimeo.com\/video\/982574912?dnt=1&amp;app_id=122963\" width=\"640\" height=\"360\" frameborder=\"0\" allow=\"autoplay; fullscreen; picture-in-picture; clipboard-write\"><\/iframe>\n<\/div><\/figure>\n\n\n\n<p>Este breve v\u00eddeo de la artista Jenny Perlin fue realizado durante el taller de Rosalind Nashashibi (julio de 2022) en la tercera edici\u00f3n del Instituto de Pr\u00e1cticas Art\u00edsticas (JAI), organizado por el CICC Tabakalera y Artium Museoa. La participaci\u00f3n de Nashashibi en JAI se caracteriz\u00f3 por la aproximaci\u00f3n experimental y colectiva a la pintura como modo de ser y devenir. Como afirma Perlin \u00abTrajimos arte, trajimos m\u00fasica, hablamos, pintamos\u00bb.<\/p>\n\n\n\n<p>Jenny Perlin es una artista afincada en Nueva York que realiza pel\u00edculas, v\u00eddeos, instalaciones y dibujos. Sus proyectos se basan en investigaciones interdisciplinarias sobre historia, estudios culturales, literatura y ling\u00fc\u00edstica. Es directora del <a href=\"https:\/\/hoosacinstitute.com\/about\" target=\"_blank\" rel=\"noreferrer noopener\">Hoosac Institute<\/a>, \u00abuna plataforma comisariada de texto e imagen centrada en piezas que no encajan en las narrativas disciplinarias convencionales\u00bb.<\/p>\n\n\n\n<p>Jenny Perlin quiere agradecer a Rosalind Nashashibi, Ibon Aranberri, Asier Mendizabal, Itziar Okariz, Olatz Otalora y a todos los participantes cuyas pinturas y manos puede ver aqu\u00ed (Mar\u00eda Chao, Jos\u00e9 Manuel Ordo\u00f1ez Requena, Gerard Borr\u00e0s Montoro, Victoria N\u00fa\u00f1ez Estrada, Ander Amuriza Orue, Andrea Aguilera Ruiz, Gari Arambarri Arregui, Almudena Crespo, Emmanuela Soria Ruiz, Vicente del Pedregal Moscatelli, Gaspar Avil\u00e9s S\u00e1nchez, Camila Steinum, Borja de Aquino Mu\u00f1iz, Ainhoa Lekerika Obieta, Elvira Amor).<\/p>\n\n\n\n<p>Traducci\u00f3n al castellano<\/p>\n\n\n\n<p>MESSENGER<\/p>\n\n\n\n<p>El negro de capas gruesas en forma triangular ondulada.<\/p>\n\n\n\n<p>No hay nombre que poner, ni significado que asignar<\/p>\n\n\n\n<p>excepto un origen desconocido.<\/p>\n\n\n\n<p>La fuerza de un pincel de un brazo empujando un pincel y de un cerebro empujando el brazo.<\/p>\n\n\n\n<p>La atenci\u00f3n como un manto de lana suave, no la mirada de lija habitual.<\/p>\n\n\n\n<p>No son nuestras pinturas, aunque las hicimos todos juntos.<\/p>\n\n\n\n<p>Palazuelo.<\/p>\n\n\n\n<p>Odilon Redon.<\/p>\n\n\n\n<p>Recorro los museos de arte antiguo para sentir el alivio de los objetos sin firma.<\/p>\n\n\n\n<p>All\u00ed puedo dejar que mi coraz\u00f3n se diluya un poco m\u00e1s, en lugar de comparar.<\/p>\n\n\n\n<p>Esperar y desear, mirar y sentir,<\/p>\n\n\n\n<p>curvar y estirar, perder y encontrar \u2013<\/p>\n\n\n\n<p>Flotamos en el ascenso de tus pinceladas.<\/p>\n\n\n\n<p>Nos identificamos como falsificadores.<\/p>\n\n\n\n<p>Qu\u00e9 m\u00e1s falsificamos en un d\u00eda, en un a\u00f1o, en toda una vida.<\/p>\n\n\n\n<p>Invocamos esp\u00edritus<\/p>\n\n\n\n<p>y llevamos mensajes entre mundos.<\/p>\n\n\n\n<p>Nos plegamos a lo que conocemos.<\/p>\n\n\n\n<p>Nos expandimos cuando el agua gotea sobre nosotros.<\/p>\n\n\n\n<p>Nos juntamos, nos fundimos unos con otros.<\/p>\n\n\n\n<p>Miriam Cahn ha vuelto con nosotros, lleva su m\u00e1scara.<\/p>\n\n\n\n<p>Hemos pintado un cuadro de Etel Adnan.<\/p>\n\n\n\n<p>Por Antony T\u00e0pies.<\/p>\n\n\n\n<p>De Kerry James Marshall.<\/p>\n\n\n\n<p>Odilon Redon.<\/p>\n\n\n\n<p>Est\u00e1n vivos y caminan entre nosotros.<\/p>\n\n\n\n<p>Est\u00e1n vivos y viven dentro de nosotros.<\/p>\n\n\n\n<p>J. PERLIN<\/p>\n\n\n\n<p>JAI, 2022<\/p>\n","protected":false},"excerpt":{"rendered":"<p>Este breve v\u00eddeo de la artista Jenny Perlin fue realizado durante el taller de Rosalind Nashashibi (julio de 2022) en la tercera edici\u00f3n del Instituto de Pr\u00e1cticas Art\u00edsticas (JAI), organizado por el CICC Tabakalera y Artium Museoa. La participaci\u00f3n de Nashashibi en JAI se caracteriz\u00f3 por la aproximaci\u00f3n experimental y colectiva a la pintura como [&hellip;]<\/p>\n","protected":false},"author":30,"featured_media":0,"comment_status":"open","ping_status":"open","sticky":false,"template":"","format":"standard","meta":{"_acf_changed":false,"footnotes":""},"categories":[21],"tags":[196,197,194,195],"class_list":["post-1276","post","type-post","status-publish","format-standard","hentry","category-en-materia-de-palabras","tag-jai-2","tag-jardun-artistikoen-institutua-2","tag-jenny-perlin-2","tag-rosalind-nashashibi-2"],"acf":[],"_links":{"self":[{"href":"https:\/\/www.amaonline.eus\/es\/wp-json\/wp\/v2\/posts\/1276","targetHints":{"allow":["GET"]}}],"collection":[{"href":"https:\/\/www.amaonline.eus\/es\/wp-json\/wp\/v2\/posts"}],"about":[{"href":"https:\/\/www.amaonline.eus\/es\/wp-json\/wp\/v2\/types\/post"}],"author":[{"embeddable":true,"href":"https:\/\/www.amaonline.eus\/es\/wp-json\/wp\/v2\/users\/30"}],"replies":[{"embeddable":true,"href":"https:\/\/www.amaonline.eus\/es\/wp-json\/wp\/v2\/comments?post=1276"}],"version-history":[{"count":1,"href":"https:\/\/www.amaonline.eus\/es\/wp-json\/wp\/v2\/posts\/1276\/revisions"}],"predecessor-version":[{"id":1277,"href":"https:\/\/www.amaonline.eus\/es\/wp-json\/wp\/v2\/posts\/1276\/revisions\/1277"}],"wp:attachment":[{"href":"https:\/\/www.amaonline.eus\/es\/wp-json\/wp\/v2\/media?parent=1276"}],"wp:term":[{"taxonomy":"category","embeddable":true,"href":"https:\/\/www.amaonline.eus\/es\/wp-json\/wp\/v2\/categories?post=1276"},{"taxonomy":"post_tag","embeddable":true,"href":"https:\/\/www.amaonline.eus\/es\/wp-json\/wp\/v2\/tags?post=1276"}],"curies":[{"name":"wp","href":"https:\/\/api.w.org\/{rel}","templated":true}]}}